{"id":2377,"date":"2019-07-23T11:51:42","date_gmt":"2019-07-23T09:51:42","guid":{"rendered":"https:\/\/www.revistaconcilium.com\/?p=2377"},"modified":"2019-07-24T07:51:56","modified_gmt":"2019-07-24T05:51:56","slug":"encuentro-de-agentes-de-pastoral-nativos-de-pueblos-originarios","status":"publish","type":"post","link":"https:\/\/www.revistaconcilium.com\/index.php\/2019\/07\/23\/encuentro-de-agentes-de-pastoral-nativos-de-pueblos-originarios\/","title":{"rendered":"Encuentro de Agentes de Pastoral Nativos de Pueblos Originarios"},"content":{"rendered":"\n<p>Entre los d\u00edas 1 al 6 de abril de 2019 tuvo lugar en la localidad de Lacatunga (Ecuador) el Encuentro de Agentes de Pastoral Nativos de Pueblos Originarios, convocado por el Departamento de Cultura y Educaci\u00f3n del CELAM.<\/p>\n\n\n\n<p>El n\u00famero 382 de <em>Concilium<\/em> (septiembre de 2019) recoge en su secci\u00f3n \u201cForo teol\u00f3gico\u201d la declaraci\u00f3n resultante de este encuentro por su importancia y relevancia para el tema de este volumen.<\/p>\n\n\n\n<p> Adem\u00e1s, con el objetivo de enriquecer el debate, este n\u00famero ofrece tambi\u00e9n los comentarios y reflexiones sobre este encuentro de tres te\u00f3logos latinoamericanos: Bernardeth Carmen Caero Bustillos (Bolivia), Jos\u00e9 Bartolom\u00e9 G\u00f3mez Mart\u00ednez (Chiapas, M\u00e9xico) y Geraldo de Mori (Brasil).<\/p>\n\n\n\n<p><em>Para acceder gratuitamente a este \u201cForo teol\u00f3gico\u201d, <a href=\"https:\/\/www.revistaconcilium.com\/wp-content\/uploads\/2019\/07\/Concilium_Foro_teologico.pdf\" target=\"_blank\" rel=\"noreferrer noopener\" aria-label=\"clique aqu\u00ed. (abre en una nueva pesta\u00f1a)\">clique aqu\u00ed.<\/a><\/em> <\/p>\n","protected":false},"excerpt":{"rendered":"<p>Entre los d\u00edas 1 al 6 de abril de 2019 tuvo lugar en la localidad de Lacatunga (Ecuador) el Encuentro de Agentes de Pastoral Nativos de<span class=\"excerpt-hellip\"> [\u2026]<\/span><\/p>\n","protected":false},"author":1,"featured_media":2374,"comment_status":"closed","ping_status":"closed","sticky":false,"template":"","format":"standard","meta":{"footnotes":""},"categories":[1],"tags":[],"class_list":["post-2377","post","type-post","status-publish","format-standard","has-post-thumbnail","hentry","category-uncategorized"],"_links":{"self":[{"href":"https:\/\/www.revistaconcilium.com\/index.php\/wp-json\/wp\/v2\/posts\/2377","targetHints":{"allow":["GET"]}}],"collection":[{"href":"https:\/\/www.revistaconcilium.com\/index.php\/wp-json\/wp\/v2\/posts"}],"about":[{"href":"https:\/\/www.revistaconcilium.com\/index.php\/wp-json\/wp\/v2\/types\/post"}],"author":[{"embeddable":true,"href":"https:\/\/www.revistaconcilium.com\/index.php\/wp-json\/wp\/v2\/users\/1"}],"replies":[{"embeddable":true,"href":"https:\/\/www.revistaconcilium.com\/index.php\/wp-json\/wp\/v2\/comments?post=2377"}],"version-history":[{"count":8,"href":"https:\/\/www.revistaconcilium.com\/index.php\/wp-json\/wp\/v2\/posts\/2377\/revisions"}],"predecessor-version":[{"id":2407,"href":"https:\/\/www.revistaconcilium.com\/index.php\/wp-json\/wp\/v2\/posts\/2377\/revisions\/2407"}],"wp:featuredmedia":[{"embeddable":true,"href":"https:\/\/www.revistaconcilium.com\/index.php\/wp-json\/wp\/v2\/media\/2374"}],"wp:attachment":[{"href":"https:\/\/www.revistaconcilium.com\/index.php\/wp-json\/wp\/v2\/media?parent=2377"}],"wp:term":[{"taxonomy":"category","embeddable":true,"href":"https:\/\/www.revistaconcilium.com\/index.php\/wp-json\/wp\/v2\/categories?post=2377"},{"taxonomy":"post_tag","embeddable":true,"href":"https:\/\/www.revistaconcilium.com\/index.php\/wp-json\/wp\/v2\/tags?post=2377"}],"curies":[{"name":"wp","href":"https:\/\/api.w.org\/{rel}","templated":true}]}}