{"id":2384,"date":"2019-07-23T11:58:37","date_gmt":"2019-07-23T09:58:37","guid":{"rendered":"https:\/\/www.revistaconcilium.com\/?p=2384"},"modified":"2019-07-24T07:51:56","modified_gmt":"2019-07-24T05:51:56","slug":"concilium-colabora-con-la-ibero","status":"publish","type":"post","link":"https:\/\/www.revistaconcilium.com\/index.php\/2019\/07\/23\/concilium-colabora-con-la-ibero\/","title":{"rendered":"<em>Concilium<\/em> colabora con la Ibero"},"content":{"rendered":"\n<p><em>Concilium<\/em>, fiel a su misi\u00f3n de favorecer activamente el di\u00e1logo del cristianismo con la sociedad moderna, particip\u00f3 en colaboraci\u00f3n con la Universidad Iberoamericana Ciudad de M\u00e9xico en la organizaci\u00f3n del Congreso Internacional \u201c\u00a1Resiste! Violencias, resistencias y espiritualidades\u201d, que se celebr\u00f3 los pasados d\u00edas 28, 29 y 30 de mayo en la Ciudad de M\u00e9xico.<\/p>\n\n\n\n<p> En dicho congreso se abordaron los escenarios contempor\u00e1neos de las violencias, centrando su mirada en las resistencias sociales y espirituales. El objetivo del congreso era promover, desde el pensamiento cr\u00edtico y la reflexi\u00f3n, la aportaci\u00f3n de la teolog\u00eda a la resoluci\u00f3n profunda de esos problemas tan arraigados en el sistema neoliberal.<\/p>\n\n\n\n<p>  El congreso cont\u00f3 con valiosas aportaciones para la reflexi\u00f3n general sobre la violencia en nuestra sociedad, como la de David Fern\u00e1ndez D\u00e1valos, S. J., Rector de la Universidad Iberoamericana Ciudad de M\u00e9xico, de la que dio <a aria-label=\" (abre en una nueva pesta\u00f1a)\" rel=\"noreferrer noopener\" href=\"https:\/\/ibero.mx\/prensa\/la-violencia-no-es-anormal-es-consustancial-al-modelo-de-acumulacion-rector\" target=\"_blank\"><strong>noticia la web de la Ibero<\/strong><\/a>. <\/p>\n\n\n\n<p> Desde Editorial Verbo Divino queremos recordar el enorme valor de la revista <em>Concilium<\/em>  para enriquecer un debate teol\u00f3gico actual que contribuya a la construcci\u00f3n com\u00fan de una sociedad m\u00e1s justa en la l\u00ednea de los valores del Evangelio.<\/p>\n","protected":false},"excerpt":{"rendered":"<p>Concilium, fiel a su misi\u00f3n de favorecer activamente el di\u00e1logo del cristianismo con la sociedad moderna, particip\u00f3 en colaboraci\u00f3n con la Universidad Iberoamericana Ciudad de M\u00e9xico<span class=\"excerpt-hellip\"> [\u2026]<\/span><\/p>\n","protected":false},"author":1,"featured_media":2396,"comment_status":"closed","ping_status":"closed","sticky":false,"template":"","format":"standard","meta":{"footnotes":""},"categories":[1],"tags":[],"class_list":["post-2384","post","type-post","status-publish","format-standard","has-post-thumbnail","hentry","category-uncategorized"],"_links":{"self":[{"href":"https:\/\/www.revistaconcilium.com\/index.php\/wp-json\/wp\/v2\/posts\/2384","targetHints":{"allow":["GET"]}}],"collection":[{"href":"https:\/\/www.revistaconcilium.com\/index.php\/wp-json\/wp\/v2\/posts"}],"about":[{"href":"https:\/\/www.revistaconcilium.com\/index.php\/wp-json\/wp\/v2\/types\/post"}],"author":[{"embeddable":true,"href":"https:\/\/www.revistaconcilium.com\/index.php\/wp-json\/wp\/v2\/users\/1"}],"replies":[{"embeddable":true,"href":"https:\/\/www.revistaconcilium.com\/index.php\/wp-json\/wp\/v2\/comments?post=2384"}],"version-history":[{"count":5,"href":"https:\/\/www.revistaconcilium.com\/index.php\/wp-json\/wp\/v2\/posts\/2384\/revisions"}],"predecessor-version":[{"id":2397,"href":"https:\/\/www.revistaconcilium.com\/index.php\/wp-json\/wp\/v2\/posts\/2384\/revisions\/2397"}],"wp:featuredmedia":[{"embeddable":true,"href":"https:\/\/www.revistaconcilium.com\/index.php\/wp-json\/wp\/v2\/media\/2396"}],"wp:attachment":[{"href":"https:\/\/www.revistaconcilium.com\/index.php\/wp-json\/wp\/v2\/media?parent=2384"}],"wp:term":[{"taxonomy":"category","embeddable":true,"href":"https:\/\/www.revistaconcilium.com\/index.php\/wp-json\/wp\/v2\/categories?post=2384"},{"taxonomy":"post_tag","embeddable":true,"href":"https:\/\/www.revistaconcilium.com\/index.php\/wp-json\/wp\/v2\/tags?post=2384"}],"curies":[{"name":"wp","href":"https:\/\/api.w.org\/{rel}","templated":true}]}}