{"id":2391,"date":"2019-07-23T12:09:54","date_gmt":"2019-07-23T10:09:54","guid":{"rendered":"https:\/\/www.revistaconcilium.com\/?p=2391"},"modified":"2019-07-29T13:55:49","modified_gmt":"2019-07-29T11:55:49","slug":"la-amazonia-en-el-centro-del-debate-teologico","status":"publish","type":"post","link":"https:\/\/www.revistaconcilium.com\/index.php\/2019\/07\/23\/la-amazonia-en-el-centro-del-debate-teologico\/","title":{"rendered":"La Amazon\u00eda en el centro del debate teol\u00f3gico"},"content":{"rendered":"\n<p> En las \u00faltimas d\u00e9cadas, la preocupaci\u00f3n por la \u201ccasa com\u00fan\u201d, por nuestra \u201cmadre tierra\u201d se est\u00e1 situando en el centro de todos los debates pol\u00edticos y sociales profundos.<\/p>\n\n\n\n<p>  La Iglesia no ha sido ajena a esta preocupaci\u00f3n, como qued\u00f3 patente con la publicaci\u00f3n de la Carta Enc\u00edclica <em>Laudato Si\u2019<\/em>  por el Santo Padre Francisco, y por supuesto la teolog\u00eda ha incorporado la ecolog\u00eda a sus debates.<\/p>\n\n\n\n<p> En este contexto se sit\u00faa la celebraci\u00f3n de la Asamblea Especial del S\u00ednodo de los Obispos para la regi\u00f3n Panamaz\u00f3nica que tendr\u00e1 lugar entre los d\u00edas 6 y 27 de octubre de 2019 para reflexionar sobre el tema \u00abAmazon\u00eda: nuevos caminos para la Iglesia y para una ecolog\u00eda integral\u00bb.<\/p>\n\n\n\n<p> Desde Editorial Verbo Divino queremos recordar el enorme valor de la revista <em>Concilium<\/em> para enriquecer un debate teol\u00f3gico actual que contribuya a la construcci\u00f3n com\u00fan de una sociedad m\u00e1s justa en la l\u00ednea de los valores del Evangelio.<\/p>\n\n\n\n<p> El cuidado de nuestra casa com\u00fan ya ha sido eje central de algunos vol\u00famenes de <em>Concilium<\/em>, como del reciente 378, titulado \u201c<strong><a aria-label=\"Ecolog\u00eda y teolog\u00eda de la naturaleza (abre en una nueva pesta\u00f1a)\" href=\"https:\/\/www.revistaconcilium.com\/wp-content\/uploads\/2019\/07\/Concilium_378_Amazonia.pdf\" target=\"_blank\" rel=\"noreferrer noopener\">Ecolog\u00eda y teolog\u00eda de la naturaleza<\/a><\/strong>\u201d, con aportaciones como la del cardenal Claudio Hummes: \u201cProtecci\u00f3n de la Amazonia y de sus pueblos aut\u00f3ctonos\u201d.<\/p>\n\n\n\n<figure class=\"wp-block-image\"><img loading=\"lazy\" decoding=\"async\" width=\"800\" height=\"499\" src=\"https:\/\/www.revistaconcilium.com\/wp-content\/uploads\/2019\/07\/Sinodo_Amazonia_01.jpg\" alt=\"\" class=\"wp-image-2401\" srcset=\"https:\/\/www.revistaconcilium.com\/wp-content\/uploads\/2019\/07\/Sinodo_Amazonia_01.jpg 800w, https:\/\/www.revistaconcilium.com\/wp-content\/uploads\/2019\/07\/Sinodo_Amazonia_01-300x187.jpg 300w, https:\/\/www.revistaconcilium.com\/wp-content\/uploads\/2019\/07\/Sinodo_Amazonia_01-768x479.jpg 768w, https:\/\/www.revistaconcilium.com\/wp-content\/uploads\/2019\/07\/Sinodo_Amazonia_01-234x146.jpg 234w, https:\/\/www.revistaconcilium.com\/wp-content\/uploads\/2019\/07\/Sinodo_Amazonia_01-50x31.jpg 50w, https:\/\/www.revistaconcilium.com\/wp-content\/uploads\/2019\/07\/Sinodo_Amazonia_01-120x75.jpg 120w\" sizes=\"auto, (max-width:767px) 480px, (max-width:800px) 100vw, 800px\" \/><\/figure>\n","protected":false},"excerpt":{"rendered":"<p>En las \u00faltimas d\u00e9cadas, la preocupaci\u00f3n por la \u201ccasa com\u00fan\u201d, por nuestra \u201cmadre tierra\u201d se est\u00e1 situando en el centro de todos los debates pol\u00edticos y<span class=\"excerpt-hellip\"> [\u2026]<\/span><\/p>\n","protected":false},"author":1,"featured_media":2399,"comment_status":"closed","ping_status":"closed","sticky":false,"template":"","format":"standard","meta":{"footnotes":""},"categories":[1],"tags":[],"class_list":["post-2391","post","type-post","status-publish","format-standard","has-post-thumbnail","hentry","category-uncategorized"],"_links":{"self":[{"href":"https:\/\/www.revistaconcilium.com\/index.php\/wp-json\/wp\/v2\/posts\/2391","targetHints":{"allow":["GET"]}}],"collection":[{"href":"https:\/\/www.revistaconcilium.com\/index.php\/wp-json\/wp\/v2\/posts"}],"about":[{"href":"https:\/\/www.revistaconcilium.com\/index.php\/wp-json\/wp\/v2\/types\/post"}],"author":[{"embeddable":true,"href":"https:\/\/www.revistaconcilium.com\/index.php\/wp-json\/wp\/v2\/users\/1"}],"replies":[{"embeddable":true,"href":"https:\/\/www.revistaconcilium.com\/index.php\/wp-json\/wp\/v2\/comments?post=2391"}],"version-history":[{"count":7,"href":"https:\/\/www.revistaconcilium.com\/index.php\/wp-json\/wp\/v2\/posts\/2391\/revisions"}],"predecessor-version":[{"id":2454,"href":"https:\/\/www.revistaconcilium.com\/index.php\/wp-json\/wp\/v2\/posts\/2391\/revisions\/2454"}],"wp:featuredmedia":[{"embeddable":true,"href":"https:\/\/www.revistaconcilium.com\/index.php\/wp-json\/wp\/v2\/media\/2399"}],"wp:attachment":[{"href":"https:\/\/www.revistaconcilium.com\/index.php\/wp-json\/wp\/v2\/media?parent=2391"}],"wp:term":[{"taxonomy":"category","embeddable":true,"href":"https:\/\/www.revistaconcilium.com\/index.php\/wp-json\/wp\/v2\/categories?post=2391"},{"taxonomy":"post_tag","embeddable":true,"href":"https:\/\/www.revistaconcilium.com\/index.php\/wp-json\/wp\/v2\/tags?post=2391"}],"curies":[{"name":"wp","href":"https:\/\/api.w.org\/{rel}","templated":true}]}}