{"id":2616,"date":"2021-04-28T12:15:41","date_gmt":"2021-04-28T10:15:41","guid":{"rendered":"https:\/\/www.revistaconcilium.com\/?p=2616"},"modified":"2021-04-28T12:15:42","modified_gmt":"2021-04-28T10:15:42","slug":"vision-y-mision-2021","status":"publish","type":"post","link":"https:\/\/www.revistaconcilium.com\/index.php\/2021\/04\/28\/vision-y-mision-2021\/","title":{"rendered":"Visi\u00f3n y misi\u00f3n 2021"},"content":{"rendered":"\n<p><p>1. Qu\u00e9 es <i>Concilium<\/i><br>\n  <i>Concilium<\/i> es una revista de reflexi\u00f3n teol\u00f3gica cat\u00f3lica y ecum\u00e9nica. Fundada a ra\u00edz del Concilio Vaticano II, busca reinterpretar y re-aplicar esa visi\u00f3n de apertura en nuevos contextos culturales y en realidades sociales y religiosas cambiantes. Guiada por el Esp\u00edritu, la revista acoge m\u00faltiples expresiones de fe y espiritualidad que emergen de la pluralidad cultural como marca de su catolicidad.<br><\/p>\n<p> 2. El objetivo de la revista<br>\n  El objetivo de <i>Concilium<\/i> es contribuir a la transformaci\u00f3n del mundo y de la Iglesia a la luz del Evangelio. La revista est\u00e1 particularmente comprometida con el desaf\u00edo a las estructuras de opresi\u00f3n y discriminaci\u00f3n, y con hacer teolog\u00eda desde la perspectiva de las v\u00edctimas de la desigualdad social, econ\u00f3mica y ecol\u00f3gica. De este modo apoya una nueva imaginaci\u00f3n eclesial m\u00e1s all\u00e1 del patriarcado, del clericalismo, del racismo, del antropocentrismo, de la hegemon\u00eda monocultural y de la explotaci\u00f3n de los recursos de la tierra.<br><\/p>\n  <p>3. La forma en que hacemos teolog\u00eda<br>\n  La misi\u00f3n de <i>Concilium<\/i> se refleja en la forma conciliar de hacer teolog\u00eda que adoptamos como comunidad de te\u00f3logas y te\u00f3logos de diversos contextos. Inspir\u00e1ndonos en la visi\u00f3n de las personas fundadoras de la revista, proporcionamos un lugar de encuentro para una conversaci\u00f3n global que acoge diversas perspectivas sobre temas teol\u00f3gicos importantes. Teologizar desde la perspectiva de los m\u00e1rgenes y del cuidado ecol\u00f3gico son compromisos centrales de <i>Concilium<\/i>. As\u00ed, la revista y sus conferencias buscan llamar la atenci\u00f3n sobre las voces y las cuestiones y preocupaciones teol\u00f3gicas de las comunidades locales y regionales con un esp\u00edritu de escucha. Nuestras reuniones y estructuras procuran representar la colegialidad, el liderazgo compartido, la reciprocidad y la transparencia en la toma de decisiones. Como editores y editoras, estamos comprometidos con relaciones justas y sostenibles entre nosotros\/as y con nuestros\/as editores\/as, lectores\/as y autores\/as.<br><\/p>\n  <p>4. Est\u00e1ndares acad\u00e9micos y presencia digital<br>\n  Los temas tratados en <i>Concilium<\/i> procuran mantener est\u00e1ndares acad\u00e9micos. Al mismo tiempo estamos conectados y nos basamos profundamente en las experiencias y en la sabidur\u00eda de las comunidades marginadas. Para promover nuestra misi\u00f3n, buscamos expandirnos m\u00e1s all\u00e1 de los medios impresos tradicionales y desarrollar una presencia digital consistente para mejorar el acceso y la participaci\u00f3n.<\/p><\/p>\n","protected":false},"excerpt":{"rendered":"<p>1. Qu\u00e9 es Concilium Concilium es una revista de reflexi\u00f3n teol\u00f3gica cat\u00f3lica y ecum\u00e9nica. Fundada a ra\u00edz del Concilio Vaticano II, busca reinterpretar y re-aplicar esa<span class=\"excerpt-hellip\"> [\u2026]<\/span><\/p>\n","protected":false},"author":1,"featured_media":2619,"comment_status":"closed","ping_status":"closed","sticky":false,"template":"","format":"standard","meta":{"footnotes":""},"categories":[1],"tags":[],"class_list":["post-2616","post","type-post","status-publish","format-standard","has-post-thumbnail","hentry","category-uncategorized"],"_links":{"self":[{"href":"https:\/\/www.revistaconcilium.com\/index.php\/wp-json\/wp\/v2\/posts\/2616","targetHints":{"allow":["GET"]}}],"collection":[{"href":"https:\/\/www.revistaconcilium.com\/index.php\/wp-json\/wp\/v2\/posts"}],"about":[{"href":"https:\/\/www.revistaconcilium.com\/index.php\/wp-json\/wp\/v2\/types\/post"}],"author":[{"embeddable":true,"href":"https:\/\/www.revistaconcilium.com\/index.php\/wp-json\/wp\/v2\/users\/1"}],"replies":[{"embeddable":true,"href":"https:\/\/www.revistaconcilium.com\/index.php\/wp-json\/wp\/v2\/comments?post=2616"}],"version-history":[{"count":3,"href":"https:\/\/www.revistaconcilium.com\/index.php\/wp-json\/wp\/v2\/posts\/2616\/revisions"}],"predecessor-version":[{"id":2730,"href":"https:\/\/www.revistaconcilium.com\/index.php\/wp-json\/wp\/v2\/posts\/2616\/revisions\/2730"}],"wp:featuredmedia":[{"embeddable":true,"href":"https:\/\/www.revistaconcilium.com\/index.php\/wp-json\/wp\/v2\/media\/2619"}],"wp:attachment":[{"href":"https:\/\/www.revistaconcilium.com\/index.php\/wp-json\/wp\/v2\/media?parent=2616"}],"wp:term":[{"taxonomy":"category","embeddable":true,"href":"https:\/\/www.revistaconcilium.com\/index.php\/wp-json\/wp\/v2\/categories?post=2616"},{"taxonomy":"post_tag","embeddable":true,"href":"https:\/\/www.revistaconcilium.com\/index.php\/wp-json\/wp\/v2\/tags?post=2616"}],"curies":[{"name":"wp","href":"https:\/\/api.w.org\/{rel}","templated":true}]}}