{"id":2624,"date":"2021-06-17T12:34:15","date_gmt":"2021-06-17T10:34:15","guid":{"rendered":"https:\/\/www.revistaconcilium.com\/?p=2624"},"modified":"2021-06-17T12:46:47","modified_gmt":"2021-06-17T10:46:47","slug":"anne-beatrice-faye-nueva-asesora-de-concilium","status":"publish","type":"post","link":"https:\/\/www.revistaconcilium.com\/index.php\/2021\/06\/17\/anne-beatrice-faye-nueva-asesora-de-concilium\/","title":{"rendered":"<p>Anne-B\u00e9atrice Faye: nueva asesora de <em>Concilium<\/em><\/p>"},"content":{"rendered":"\n<p> El Consejo Editorial de <em>Concilium<\/em> se ha renovado de nuevo este a\u00f1o. El nuevo rostro entre nosotros es la Prof. Anne-B\u00e9atrice Faye. Senegalesa y monja de la Congregaci\u00f3n de las Hermanas de Nuestra Se\u00f1ora de la Inmaculada Concepci\u00f3n de Castres, doctora en Filosof\u00eda y miembro de la Asociaci\u00f3n de Te\u00f3logos Africanos (ATA). Est\u00e1 particularmente interesada en el avance de la mujer en el contexto africano. Forma parte de la comunidad burkinab\u00e9 desde 2013.<\/p>\n","protected":false},"excerpt":{"rendered":"<p>El Consejo Editorial de Concilium se ha renovado de nuevo este a\u00f1o. El nuevo rostro entre nosotros es la Prof. Anne-B\u00e9atrice Faye. Senegalesa y monja de<span class=\"excerpt-hellip\"> [\u2026]<\/span><\/p>\n","protected":false},"author":1,"featured_media":2627,"comment_status":"closed","ping_status":"closed","sticky":false,"template":"","format":"standard","meta":{"footnotes":""},"categories":[1],"tags":[],"class_list":["post-2624","post","type-post","status-publish","format-standard","has-post-thumbnail","hentry","category-uncategorized"],"_links":{"self":[{"href":"https:\/\/www.revistaconcilium.com\/index.php\/wp-json\/wp\/v2\/posts\/2624","targetHints":{"allow":["GET"]}}],"collection":[{"href":"https:\/\/www.revistaconcilium.com\/index.php\/wp-json\/wp\/v2\/posts"}],"about":[{"href":"https:\/\/www.revistaconcilium.com\/index.php\/wp-json\/wp\/v2\/types\/post"}],"author":[{"embeddable":true,"href":"https:\/\/www.revistaconcilium.com\/index.php\/wp-json\/wp\/v2\/users\/1"}],"replies":[{"embeddable":true,"href":"https:\/\/www.revistaconcilium.com\/index.php\/wp-json\/wp\/v2\/comments?post=2624"}],"version-history":[{"count":2,"href":"https:\/\/www.revistaconcilium.com\/index.php\/wp-json\/wp\/v2\/posts\/2624\/revisions"}],"predecessor-version":[{"id":2626,"href":"https:\/\/www.revistaconcilium.com\/index.php\/wp-json\/wp\/v2\/posts\/2624\/revisions\/2626"}],"wp:featuredmedia":[{"embeddable":true,"href":"https:\/\/www.revistaconcilium.com\/index.php\/wp-json\/wp\/v2\/media\/2627"}],"wp:attachment":[{"href":"https:\/\/www.revistaconcilium.com\/index.php\/wp-json\/wp\/v2\/media?parent=2624"}],"wp:term":[{"taxonomy":"category","embeddable":true,"href":"https:\/\/www.revistaconcilium.com\/index.php\/wp-json\/wp\/v2\/categories?post=2624"},{"taxonomy":"post_tag","embeddable":true,"href":"https:\/\/www.revistaconcilium.com\/index.php\/wp-json\/wp\/v2\/tags?post=2624"}],"curies":[{"name":"wp","href":"https:\/\/api.w.org\/{rel}","templated":true}]}}